{"id":387,"date":"2018-11-26T11:24:00","date_gmt":"2018-11-26T11:24:00","guid":{"rendered":"http:\/\/demo.themegrill.com\/colormag\/?p=151"},"modified":"2023-12-07T15:56:58","modified_gmt":"2023-12-07T15:56:58","slug":"vinhos-alentejo-2018","status":"publish","type":"post","link":"https:\/\/confrariaenofilosalentejo.pt\/2\/2018\/11\/26\/vinhos-alentejo-2018\/","title":{"rendered":"Melhores Vinhos do Alentejo 2018"},"content":{"rendered":"\n<p class=\"has-text-align-justify\">A Confraria dos En\u00f3filos do Alentejo apresentou este s\u00e1bado, 17 de novembro, no Hotel Mar d\u2019Ar Muralhas, em \u00c9vora, a sexta edi\u00e7\u00e3o do concurso \u201cMelhores Vinhos do Alentejo\u201d. Esta iniciativa pretendeu, por mais um ano, n\u00e3o s\u00f3 destacar a qualidade da produ\u00e7\u00e3o de vinho que existe no Alentejo, mas tamb\u00e9m dar a conhecer aos consumidores a produ\u00e7\u00e3o de excel\u00eancia que \u00e9 feita na regi\u00e3o.<br>\u00a0<br>O concurso abrangeu 121 vinhos produzidos no Alentejo que foram submetidos ao concurso por parte de 50 produtores. Nesta sexta edi\u00e7\u00e3o os vinhos avaliados foram constitu\u00eddos por 29 brancos, 5 rosados e 87 tintos.<br>\u00a0<br>Veja a lista completa dos premiados na seguinte liga\u00e7\u00e3o.<\/p>\n\n\n\n<div class=\"wp-block-file\"><a id=\"wp-block-file--media-ea8752f1-96ae-4498-8984-660eb3c17923\" href=\"https:\/\/confrariaenofilosalentejo.pt\/2\/wp-content\/uploads\/2023\/11\/Lista_pr_mios_2018_VF.docx\">Lista_pr_mios_2018_VF<\/a><a href=\"https:\/\/confrariaenofilosalentejo.pt\/2\/wp-content\/uploads\/2023\/11\/Lista_pr_mios_2018_VF.docx\" class=\"wp-block-file__button wp-element-button\" download aria-describedby=\"wp-block-file--media-ea8752f1-96ae-4498-8984-660eb3c17923\">Descarregar<\/a><\/div>\n","protected":false},"excerpt":{"rendered":"<p>A Confraria dos En\u00f3filos do Alentejo apresentou este s\u00e1bado, 17 de novembro, no Hotel Mar d\u2019Ar Muralhas, em \u00c9vora, a sexta edi\u00e7\u00e3o do concurso \u201cMelhores Vinhos do Alentejo\u201d. Esta iniciativa pretendeu, por mais um ano, n\u00e3o s\u00f3 destacar a qualidade da produ\u00e7\u00e3o de vinho que existe no Alentejo, mas tamb\u00e9m dar a conhecer aos consumidores&hellip;&nbsp;<a href=\"https:\/\/confrariaenofilosalentejo.pt\/2\/2018\/11\/26\/vinhos-alentejo-2018\/\" class=\"\" rel=\"bookmark\">Ler mais &raquo;<span class=\"screen-reader-text\">Melhores Vinhos do Alentejo 2018<\/span><\/a><\/p>\n","protected":false},"author":1,"featured_media":715,"comment_status":"closed","ping_status":"closed","sticky":false,"template":"","format":"standard","meta":{"_editorskit_title_hidden":false,"_editorskit_reading_time":0,"_editorskit_is_block_options_detached":false,"_editorskit_block_options_position":"{}","_eb_attr":"","neve_meta_sidebar":"","neve_meta_container":"","neve_meta_enable_content_width":"","neve_meta_content_width":0,"neve_meta_title_alignment":"","neve_meta_author_avatar":"","neve_post_elements_order":"[\"content\",\"tags\",\"comments\"]","neve_meta_disable_header":"","neve_meta_disable_footer":"","neve_meta_disable_title":"","_themeisle_gutenberg_block_has_review":false,"_ti_tpc_template_sync":false,"_ti_tpc_template_id":"","footnotes":""},"categories":[146],"tags":[],"class_list":["post-387","post","type-post","status-publish","format-standard","has-post-thumbnail","hentry","category-confraria"],"aioseo_notices":[],"_links":{"self":[{"href":"https:\/\/confrariaenofilosalentejo.pt\/2\/wp-json\/wp\/v2\/posts\/387","targetHints":{"allow":["GET"]}}],"collection":[{"href":"https:\/\/confrariaenofilosalentejo.pt\/2\/wp-json\/wp\/v2\/posts"}],"about":[{"href":"https:\/\/confrariaenofilosalentejo.pt\/2\/wp-json\/wp\/v2\/types\/post"}],"author":[{"embeddable":true,"href":"https:\/\/confrariaenofilosalentejo.pt\/2\/wp-json\/wp\/v2\/users\/1"}],"replies":[{"embeddable":true,"href":"https:\/\/confrariaenofilosalentejo.pt\/2\/wp-json\/wp\/v2\/comments?post=387"}],"version-history":[{"count":1,"href":"https:\/\/confrariaenofilosalentejo.pt\/2\/wp-json\/wp\/v2\/posts\/387\/revisions"}],"predecessor-version":[{"id":717,"href":"https:\/\/confrariaenofilosalentejo.pt\/2\/wp-json\/wp\/v2\/posts\/387\/revisions\/717"}],"wp:featuredmedia":[{"embeddable":true,"href":"https:\/\/confrariaenofilosalentejo.pt\/2\/wp-json\/wp\/v2\/media\/715"}],"wp:attachment":[{"href":"https:\/\/confrariaenofilosalentejo.pt\/2\/wp-json\/wp\/v2\/media?parent=387"}],"wp:term":[{"taxonomy":"category","embeddable":true,"href":"https:\/\/confrariaenofilosalentejo.pt\/2\/wp-json\/wp\/v2\/categories?post=387"},{"taxonomy":"post_tag","embeddable":true,"href":"https:\/\/confrariaenofilosalentejo.pt\/2\/wp-json\/wp\/v2\/tags?post=387"}],"curies":[{"name":"wp","href":"https:\/\/api.w.org\/{rel}","templated":true}]}}