{"id":154,"date":"2019-04-13T11:11:00","date_gmt":"2019-04-13T11:11:00","guid":{"rendered":"http:\/\/demo.themegrill.com\/colormag\/?p=154"},"modified":"2023-12-07T15:57:19","modified_gmt":"2023-12-07T15:57:19","slug":"encontro-confrarias","status":"publish","type":"post","link":"https:\/\/confrariaenofilosalentejo.pt\/2\/2019\/04\/13\/encontro-confrarias\/","title":{"rendered":"Encontro de Confrarias Enogastron\u00f3micas"},"content":{"rendered":"\n<p class=\"has-text-align-justify\">Realizou-se em \u00c9vora no passado dia 23 de Fevereiro, o III Encontro de Confrarias Enogastron\u00f3micas do Alentejo, organizado pela Confraria Gastron\u00f3mica do Alentejo, Confraria dos En\u00f3filos do Alentejo e pela Confraria da Moenga, para uma troca de experi\u00eancias entre as Confrarias presentes.<\/p>\n\n\n\n<p class=\"has-text-align-justify\">Ap\u00f3s o encontro foi organizado no Monte Alentejano um extraordin\u00e1rio almo\u00e7o de partilha.<\/p>\n","protected":false},"excerpt":{"rendered":"<p>Realizou-se em \u00c9vora no passado dia 23 de Fevereiro, o III Encontro de Confrarias Enogastron\u00f3micas do Alentejo, organizado pela Confraria Gastron\u00f3mica do Alentejo, Confraria dos En\u00f3filos do Alentejo e pela Confraria da Moenga, para uma troca de experi\u00eancias entre as Confrarias presentes. Ap\u00f3s o encontro foi organizado no Monte Alentejano um extraordin\u00e1rio almo\u00e7o de partilha.<\/p>\n","protected":false},"author":1,"featured_media":719,"comment_status":"closed","ping_status":"closed","sticky":false,"template":"","format":"standard","meta":{"_editorskit_title_hidden":false,"_editorskit_reading_time":0,"_editorskit_is_block_options_detached":false,"_editorskit_block_options_position":"{}","_eb_attr":"","neve_meta_sidebar":"","neve_meta_container":"","neve_meta_enable_content_width":"","neve_meta_content_width":0,"neve_meta_title_alignment":"","neve_meta_author_avatar":"","neve_post_elements_order":"","neve_meta_disable_header":"","neve_meta_disable_footer":"","neve_meta_disable_title":"","_themeisle_gutenberg_block_has_review":false,"_ti_tpc_template_sync":false,"_ti_tpc_template_id":"","footnotes":""},"categories":[146],"tags":[],"class_list":["post-154","post","type-post","status-publish","format-standard","has-post-thumbnail","hentry","category-confraria"],"aioseo_notices":[],"_links":{"self":[{"href":"https:\/\/confrariaenofilosalentejo.pt\/2\/wp-json\/wp\/v2\/posts\/154","targetHints":{"allow":["GET"]}}],"collection":[{"href":"https:\/\/confrariaenofilosalentejo.pt\/2\/wp-json\/wp\/v2\/posts"}],"about":[{"href":"https:\/\/confrariaenofilosalentejo.pt\/2\/wp-json\/wp\/v2\/types\/post"}],"author":[{"embeddable":true,"href":"https:\/\/confrariaenofilosalentejo.pt\/2\/wp-json\/wp\/v2\/users\/1"}],"replies":[{"embeddable":true,"href":"https:\/\/confrariaenofilosalentejo.pt\/2\/wp-json\/wp\/v2\/comments?post=154"}],"version-history":[{"count":1,"href":"https:\/\/confrariaenofilosalentejo.pt\/2\/wp-json\/wp\/v2\/posts\/154\/revisions"}],"predecessor-version":[{"id":721,"href":"https:\/\/confrariaenofilosalentejo.pt\/2\/wp-json\/wp\/v2\/posts\/154\/revisions\/721"}],"wp:featuredmedia":[{"embeddable":true,"href":"https:\/\/confrariaenofilosalentejo.pt\/2\/wp-json\/wp\/v2\/media\/719"}],"wp:attachment":[{"href":"https:\/\/confrariaenofilosalentejo.pt\/2\/wp-json\/wp\/v2\/media?parent=154"}],"wp:term":[{"taxonomy":"category","embeddable":true,"href":"https:\/\/confrariaenofilosalentejo.pt\/2\/wp-json\/wp\/v2\/categories?post=154"},{"taxonomy":"post_tag","embeddable":true,"href":"https:\/\/confrariaenofilosalentejo.pt\/2\/wp-json\/wp\/v2\/tags?post=154"}],"curies":[{"name":"wp","href":"https:\/\/api.w.org\/{rel}","templated":true}]}}