{"id":146,"date":"2019-04-14T11:00:00","date_gmt":"2019-04-14T11:00:00","guid":{"rendered":"http:\/\/demo.themegrill.com\/colormag\/?p=146"},"modified":"2023-12-07T15:56:32","modified_gmt":"2023-12-07T15:56:32","slug":"capitulo-2019","status":"publish","type":"post","link":"https:\/\/confrariaenofilosalentejo.pt\/2\/2019\/04\/14\/capitulo-2019\/","title":{"rendered":"1\u00ba Gr\u00e3o Capitulo 2019"},"content":{"rendered":"\n<p class=\"has-text-align-justify\">Realizou-se no dia 13 de Abril em Borba, na SOVIBOR o I Gr\u00e3o Capitulo 2019. Ap\u00f3s a reuni\u00e3o onde se efetuou a Tomada de Posse dos novos \u00d3rg\u00e3os Sociais para o tri\u00e9nio 2019-2021, realizou-se uma visita \u00e1s instala\u00e7\u00f5es da renovada adega, tendo como anfitri\u00f5es os en\u00f3logos da empresa Ant\u00f3nio Ventura e Rafael Neupart.<\/p>\n\n\n\n<p class=\"has-text-align-justify\">Seguiu-se uma prova dos novos vinhos da SOVIBOR e por fim o almo\u00e7o na sala das Talhas, para cerca de 60 pessoas entre Confrades e acompanhantes.<\/p>\n\n\n\n<p><\/p>\n","protected":false},"excerpt":{"rendered":"<p>Realizou-se no dia 13 de Abril em Borba, na SOVIBOR o I Gr\u00e3o Capitulo 2019. Ap\u00f3s a reuni\u00e3o onde se efetuou a Tomada de Posse dos novos \u00d3rg\u00e3os Sociais para o tri\u00e9nio 2019-2021, realizou-se uma visita \u00e1s instala\u00e7\u00f5es da renovada adega, tendo como anfitri\u00f5es os en\u00f3logos da empresa Ant\u00f3nio Ventura e Rafael Neupart. Seguiu-se uma&hellip;&nbsp;<a href=\"https:\/\/confrariaenofilosalentejo.pt\/2\/2019\/04\/14\/capitulo-2019\/\" class=\"\" rel=\"bookmark\">Ler mais &raquo;<span class=\"screen-reader-text\">1\u00ba Gr\u00e3o Capitulo 2019<\/span><\/a><\/p>\n","protected":false},"author":1,"featured_media":723,"comment_status":"closed","ping_status":"closed","sticky":false,"template":"","format":"standard","meta":{"_editorskit_title_hidden":false,"_editorskit_reading_time":0,"_editorskit_is_block_options_detached":false,"_editorskit_block_options_position":"{}","_eb_attr":"","neve_meta_sidebar":"","neve_meta_container":"","neve_meta_enable_content_width":"","neve_meta_content_width":0,"neve_meta_title_alignment":"","neve_meta_author_avatar":"","neve_post_elements_order":"","neve_meta_disable_header":"","neve_meta_disable_footer":"","neve_meta_disable_title":"","_themeisle_gutenberg_block_has_review":false,"_ti_tpc_template_sync":false,"_ti_tpc_template_id":"","footnotes":""},"categories":[146],"tags":[],"class_list":["post-146","post","type-post","status-publish","format-standard","has-post-thumbnail","hentry","category-confraria"],"aioseo_notices":[],"_links":{"self":[{"href":"https:\/\/confrariaenofilosalentejo.pt\/2\/wp-json\/wp\/v2\/posts\/146","targetHints":{"allow":["GET"]}}],"collection":[{"href":"https:\/\/confrariaenofilosalentejo.pt\/2\/wp-json\/wp\/v2\/posts"}],"about":[{"href":"https:\/\/confrariaenofilosalentejo.pt\/2\/wp-json\/wp\/v2\/types\/post"}],"author":[{"embeddable":true,"href":"https:\/\/confrariaenofilosalentejo.pt\/2\/wp-json\/wp\/v2\/users\/1"}],"replies":[{"embeddable":true,"href":"https:\/\/confrariaenofilosalentejo.pt\/2\/wp-json\/wp\/v2\/comments?post=146"}],"version-history":[{"count":2,"href":"https:\/\/confrariaenofilosalentejo.pt\/2\/wp-json\/wp\/v2\/posts\/146\/revisions"}],"predecessor-version":[{"id":728,"href":"https:\/\/confrariaenofilosalentejo.pt\/2\/wp-json\/wp\/v2\/posts\/146\/revisions\/728"}],"wp:featuredmedia":[{"embeddable":true,"href":"https:\/\/confrariaenofilosalentejo.pt\/2\/wp-json\/wp\/v2\/media\/723"}],"wp:attachment":[{"href":"https:\/\/confrariaenofilosalentejo.pt\/2\/wp-json\/wp\/v2\/media?parent=146"}],"wp:term":[{"taxonomy":"category","embeddable":true,"href":"https:\/\/confrariaenofilosalentejo.pt\/2\/wp-json\/wp\/v2\/categories?post=146"},{"taxonomy":"post_tag","embeddable":true,"href":"https:\/\/confrariaenofilosalentejo.pt\/2\/wp-json\/wp\/v2\/tags?post=146"}],"curies":[{"name":"wp","href":"https:\/\/api.w.org\/{rel}","templated":true}]}}