{"id":135,"date":"2019-05-06T10:00:00","date_gmt":"2019-05-06T10:00:00","guid":{"rendered":"http:\/\/demo.themegrill.com\/colormag\/?p=135"},"modified":"2023-12-07T15:56:11","modified_gmt":"2023-12-07T15:56:11","slug":"stone-wine-market","status":"publish","type":"post","link":"https:\/\/confrariaenofilosalentejo.pt\/2\/2019\/05\/06\/stone-wine-market\/","title":{"rendered":"Confraria presente no Stone Wine Market"},"content":{"rendered":"\n<p class=\"has-text-align-justify\">A Confraria dos En\u00f3filos do Alentejo participou no passado S\u00e1bado, no Stone Wine Market, em \u00c9vora. O evento que come\u00e7ou com uma palestra do Escan\u00e7\u00e3o Mor, \u00d3scar Gato, muito elucidativa sobre a forma de ver e apreciar um vinho. Seguiu-se a prova de vinhos de 22 produtores de Vinhos do Alentejo, num espa\u00e7o muito agrad\u00e1vel e com uma vista fant\u00e1stica no Vit\u00f3ria Stone Hotel a cujo staff damos os parab\u00e9ns pela excelente organiza\u00e7\u00e3o.<\/p>\n","protected":false},"excerpt":{"rendered":"<p>A Confraria dos En\u00f3filos do Alentejo participou no passado S\u00e1bado, no Stone Wine Market, em \u00c9vora. O evento que come\u00e7ou com uma palestra do Escan\u00e7\u00e3o Mor, \u00d3scar Gato, muito elucidativa sobre a forma de ver e apreciar um vinho. Seguiu-se a prova de vinhos de 22 produtores de Vinhos do Alentejo, num espa\u00e7o muito agrad\u00e1vel&hellip;&nbsp;<a href=\"https:\/\/confrariaenofilosalentejo.pt\/2\/2019\/05\/06\/stone-wine-market\/\" class=\"\" rel=\"bookmark\">Ler mais &raquo;<span class=\"screen-reader-text\">Confraria presente no Stone Wine Market<\/span><\/a><\/p>\n","protected":false},"author":1,"featured_media":726,"comment_status":"closed","ping_status":"closed","sticky":false,"template":"","format":"standard","meta":{"_editorskit_title_hidden":false,"_editorskit_reading_time":0,"_editorskit_is_block_options_detached":false,"_editorskit_block_options_position":"{}","_eb_attr":"","neve_meta_sidebar":"","neve_meta_container":"","neve_meta_enable_content_width":"","neve_meta_content_width":0,"neve_meta_title_alignment":"","neve_meta_author_avatar":"","neve_post_elements_order":"","neve_meta_disable_header":"","neve_meta_disable_footer":"","neve_meta_disable_title":"","_themeisle_gutenberg_block_has_review":false,"_ti_tpc_template_sync":false,"_ti_tpc_template_id":"","footnotes":""},"categories":[146],"tags":[],"class_list":["post-135","post","type-post","status-publish","format-standard","has-post-thumbnail","hentry","category-confraria"],"aioseo_notices":[],"_links":{"self":[{"href":"https:\/\/confrariaenofilosalentejo.pt\/2\/wp-json\/wp\/v2\/posts\/135","targetHints":{"allow":["GET"]}}],"collection":[{"href":"https:\/\/confrariaenofilosalentejo.pt\/2\/wp-json\/wp\/v2\/posts"}],"about":[{"href":"https:\/\/confrariaenofilosalentejo.pt\/2\/wp-json\/wp\/v2\/types\/post"}],"author":[{"embeddable":true,"href":"https:\/\/confrariaenofilosalentejo.pt\/2\/wp-json\/wp\/v2\/users\/1"}],"replies":[{"embeddable":true,"href":"https:\/\/confrariaenofilosalentejo.pt\/2\/wp-json\/wp\/v2\/comments?post=135"}],"version-history":[{"count":1,"href":"https:\/\/confrariaenofilosalentejo.pt\/2\/wp-json\/wp\/v2\/posts\/135\/revisions"}],"predecessor-version":[{"id":727,"href":"https:\/\/confrariaenofilosalentejo.pt\/2\/wp-json\/wp\/v2\/posts\/135\/revisions\/727"}],"wp:featuredmedia":[{"embeddable":true,"href":"https:\/\/confrariaenofilosalentejo.pt\/2\/wp-json\/wp\/v2\/media\/726"}],"wp:attachment":[{"href":"https:\/\/confrariaenofilosalentejo.pt\/2\/wp-json\/wp\/v2\/media?parent=135"}],"wp:term":[{"taxonomy":"category","embeddable":true,"href":"https:\/\/confrariaenofilosalentejo.pt\/2\/wp-json\/wp\/v2\/categories?post=135"},{"taxonomy":"post_tag","embeddable":true,"href":"https:\/\/confrariaenofilosalentejo.pt\/2\/wp-json\/wp\/v2\/tags?post=135"}],"curies":[{"name":"wp","href":"https:\/\/api.w.org\/{rel}","templated":true}]}}