{"id":1177,"date":"2024-06-01T23:50:00","date_gmt":"2024-06-01T23:50:00","guid":{"rendered":"https:\/\/confrariaenofilosalentejo.pt\/2\/?p=1177"},"modified":"2024-06-29T09:40:05","modified_gmt":"2024-06-29T09:40:05","slug":"2o-encontro-rota-dos-confrades","status":"publish","type":"post","link":"https:\/\/confrariaenofilosalentejo.pt\/2\/2024\/06\/01\/2o-encontro-rota-dos-confrades\/","title":{"rendered":"2\u00ba. Encontro Rota dos Confrades"},"content":{"rendered":"\n<p>Foi em Montemor-o-Novo que em 1 de junho de 2024 teve lugar o segundo evento da Rota dos Confrades. O restaurante escolhido, o Raiz &amp; Tradi\u00e7\u00e3o reservou-nos uma sala exclusivamente para este Encontro entre os Confrades da Confraria dos En\u00f3filos do Alentejo e da Confraria Gastron\u00f3mica Alentejana.<\/p>\n\n\n\n<p>Desta vez os vinhos servidos foram de um produtor muito ligado a Montemor-o-Novo desde h\u00e1 muitos anos: Quinta da Plansel e Dorina Lindemann. E j\u00e1 que \u00e9 nossa Confrade, Dorina Lindemann teve o ensejo de nos fazer desfrutar os seus vinhos, que descreveu e comentou com paix\u00e3o, revelando alguns segredos postos na sua cuidada elabora\u00e7\u00e3o.<\/p>\n\n\n\n<figure class=\"wp-block-gallery has-nested-images columns-default is-cropped wp-block-gallery-1 is-layout-flex wp-block-gallery-is-layout-flex\">\n<figure class=\"wp-block-image size-large\"><img fetchpriority=\"high\" decoding=\"async\" width=\"1024\" height=\"1024\" data-id=\"1181\" src=\"https:\/\/confrariaenofilosalentejo.pt\/2\/wp-content\/uploads\/2024\/06\/WhatsApp-Image-2024-06-23-at-21.17.31-1024x1024.jpeg\" alt=\"\" class=\"wp-image-1181\" srcset=\"https:\/\/confrariaenofilosalentejo.pt\/2\/wp-content\/uploads\/2024\/06\/WhatsApp-Image-2024-06-23-at-21.17.31-1024x1024.jpeg 1024w, https:\/\/confrariaenofilosalentejo.pt\/2\/wp-content\/uploads\/2024\/06\/WhatsApp-Image-2024-06-23-at-21.17.31-300x300.jpeg 300w, https:\/\/confrariaenofilosalentejo.pt\/2\/wp-content\/uploads\/2024\/06\/WhatsApp-Image-2024-06-23-at-21.17.31-150x150.jpeg 150w, https:\/\/confrariaenofilosalentejo.pt\/2\/wp-content\/uploads\/2024\/06\/WhatsApp-Image-2024-06-23-at-21.17.31-768x768.jpeg 768w, https:\/\/confrariaenofilosalentejo.pt\/2\/wp-content\/uploads\/2024\/06\/WhatsApp-Image-2024-06-23-at-21.17.31-1536x1536.jpeg 1536w, https:\/\/confrariaenofilosalentejo.pt\/2\/wp-content\/uploads\/2024\/06\/WhatsApp-Image-2024-06-23-at-21.17.31.jpeg 2048w\" sizes=\"(max-width: 1024px) 100vw, 1024px\" \/><\/figure>\n\n\n\n<figure class=\"wp-block-image size-large\"><img decoding=\"async\" width=\"1024\" height=\"1024\" data-id=\"1180\" src=\"https:\/\/confrariaenofilosalentejo.pt\/2\/wp-content\/uploads\/2024\/06\/WhatsApp-Image-2024-06-23-at-21.17.12-1024x1024.jpeg\" alt=\"\" class=\"wp-image-1180\" srcset=\"https:\/\/confrariaenofilosalentejo.pt\/2\/wp-content\/uploads\/2024\/06\/WhatsApp-Image-2024-06-23-at-21.17.12-1024x1024.jpeg 1024w, https:\/\/confrariaenofilosalentejo.pt\/2\/wp-content\/uploads\/2024\/06\/WhatsApp-Image-2024-06-23-at-21.17.12-300x300.jpeg 300w, https:\/\/confrariaenofilosalentejo.pt\/2\/wp-content\/uploads\/2024\/06\/WhatsApp-Image-2024-06-23-at-21.17.12-150x150.jpeg 150w, https:\/\/confrariaenofilosalentejo.pt\/2\/wp-content\/uploads\/2024\/06\/WhatsApp-Image-2024-06-23-at-21.17.12-768x768.jpeg 768w, https:\/\/confrariaenofilosalentejo.pt\/2\/wp-content\/uploads\/2024\/06\/WhatsApp-Image-2024-06-23-at-21.17.12-1536x1536.jpeg 1536w, https:\/\/confrariaenofilosalentejo.pt\/2\/wp-content\/uploads\/2024\/06\/WhatsApp-Image-2024-06-23-at-21.17.12.jpeg 2048w\" sizes=\"(max-width: 1024px) 100vw, 1024px\" \/><\/figure>\n\n\n\n<figure class=\"wp-block-image size-large\"><img decoding=\"async\" width=\"1024\" height=\"1024\" data-id=\"1179\" src=\"https:\/\/confrariaenofilosalentejo.pt\/2\/wp-content\/uploads\/2024\/06\/WhatsApp-Image-2024-06-23-at-21.17.05-1024x1024.jpeg\" alt=\"\" class=\"wp-image-1179\" srcset=\"https:\/\/confrariaenofilosalentejo.pt\/2\/wp-content\/uploads\/2024\/06\/WhatsApp-Image-2024-06-23-at-21.17.05-1024x1024.jpeg 1024w, https:\/\/confrariaenofilosalentejo.pt\/2\/wp-content\/uploads\/2024\/06\/WhatsApp-Image-2024-06-23-at-21.17.05-300x300.jpeg 300w, https:\/\/confrariaenofilosalentejo.pt\/2\/wp-content\/uploads\/2024\/06\/WhatsApp-Image-2024-06-23-at-21.17.05-150x150.jpeg 150w, https:\/\/confrariaenofilosalentejo.pt\/2\/wp-content\/uploads\/2024\/06\/WhatsApp-Image-2024-06-23-at-21.17.05-768x768.jpeg 768w, https:\/\/confrariaenofilosalentejo.pt\/2\/wp-content\/uploads\/2024\/06\/WhatsApp-Image-2024-06-23-at-21.17.05-1536x1536.jpeg 1536w, https:\/\/confrariaenofilosalentejo.pt\/2\/wp-content\/uploads\/2024\/06\/WhatsApp-Image-2024-06-23-at-21.17.05.jpeg 2048w\" sizes=\"(max-width: 1024px) 100vw, 1024px\" \/><\/figure>\n\n\n\n<figure class=\"wp-block-image size-large\"><img loading=\"lazy\" decoding=\"async\" width=\"1024\" height=\"1024\" data-id=\"1178\" src=\"https:\/\/confrariaenofilosalentejo.pt\/2\/wp-content\/uploads\/2024\/06\/WhatsApp-Image-2024-06-23-at-21.16.49-1024x1024.jpeg\" alt=\"\" class=\"wp-image-1178\" srcset=\"https:\/\/confrariaenofilosalentejo.pt\/2\/wp-content\/uploads\/2024\/06\/WhatsApp-Image-2024-06-23-at-21.16.49-1024x1024.jpeg 1024w, https:\/\/confrariaenofilosalentejo.pt\/2\/wp-content\/uploads\/2024\/06\/WhatsApp-Image-2024-06-23-at-21.16.49-300x300.jpeg 300w, https:\/\/confrariaenofilosalentejo.pt\/2\/wp-content\/uploads\/2024\/06\/WhatsApp-Image-2024-06-23-at-21.16.49-150x150.jpeg 150w, https:\/\/confrariaenofilosalentejo.pt\/2\/wp-content\/uploads\/2024\/06\/WhatsApp-Image-2024-06-23-at-21.16.49-768x768.jpeg 768w, https:\/\/confrariaenofilosalentejo.pt\/2\/wp-content\/uploads\/2024\/06\/WhatsApp-Image-2024-06-23-at-21.16.49-1536x1536.jpeg 1536w, https:\/\/confrariaenofilosalentejo.pt\/2\/wp-content\/uploads\/2024\/06\/WhatsApp-Image-2024-06-23-at-21.16.49.jpeg 2048w\" sizes=\"(max-width: 1024px) 100vw, 1024px\" \/><\/figure>\n<\/figure>\n","protected":false},"excerpt":{"rendered":"<p>Foi em Montemor-o-Novo que em 1 de junho de 2024 teve lugar o segundo evento da Rota dos Confrades. O restaurante escolhido, o Raiz &amp; Tradi\u00e7\u00e3o reservou-nos uma sala exclusivamente para este Encontro entre os Confrades da Confraria dos En\u00f3filos do Alentejo e da Confraria Gastron\u00f3mica Alentejana. Desta vez os vinhos servidos foram de um&hellip;&nbsp;<a href=\"https:\/\/confrariaenofilosalentejo.pt\/2\/2024\/06\/01\/2o-encontro-rota-dos-confrades\/\" class=\"\" rel=\"bookmark\">Ler mais &raquo;<span class=\"screen-reader-text\">2\u00ba. Encontro Rota dos Confrades<\/span><\/a><\/p>\n","protected":false},"author":2,"featured_media":1178,"comment_status":"open","ping_status":"open","sticky":false,"template":"","format":"standard","meta":{"_editorskit_title_hidden":false,"_editorskit_reading_time":0,"_editorskit_is_block_options_detached":false,"_editorskit_block_options_position":"{}","_eb_attr":"","neve_meta_sidebar":"","neve_meta_container":"","neve_meta_enable_content_width":"","neve_meta_content_width":0,"neve_meta_title_alignment":"","neve_meta_author_avatar":"","neve_post_elements_order":"","neve_meta_disable_header":"","neve_meta_disable_footer":"","neve_meta_disable_title":"","_themeisle_gutenberg_block_has_review":false,"_ti_tpc_template_sync":false,"_ti_tpc_template_id":"","footnotes":""},"categories":[146],"tags":[],"class_list":["post-1177","post","type-post","status-publish","format-standard","has-post-thumbnail","hentry","category-confraria"],"aioseo_notices":[],"_links":{"self":[{"href":"https:\/\/confrariaenofilosalentejo.pt\/2\/wp-json\/wp\/v2\/posts\/1177","targetHints":{"allow":["GET"]}}],"collection":[{"href":"https:\/\/confrariaenofilosalentejo.pt\/2\/wp-json\/wp\/v2\/posts"}],"about":[{"href":"https:\/\/confrariaenofilosalentejo.pt\/2\/wp-json\/wp\/v2\/types\/post"}],"author":[{"embeddable":true,"href":"https:\/\/confrariaenofilosalentejo.pt\/2\/wp-json\/wp\/v2\/users\/2"}],"replies":[{"embeddable":true,"href":"https:\/\/confrariaenofilosalentejo.pt\/2\/wp-json\/wp\/v2\/comments?post=1177"}],"version-history":[{"count":1,"href":"https:\/\/confrariaenofilosalentejo.pt\/2\/wp-json\/wp\/v2\/posts\/1177\/revisions"}],"predecessor-version":[{"id":1182,"href":"https:\/\/confrariaenofilosalentejo.pt\/2\/wp-json\/wp\/v2\/posts\/1177\/revisions\/1182"}],"wp:featuredmedia":[{"embeddable":true,"href":"https:\/\/confrariaenofilosalentejo.pt\/2\/wp-json\/wp\/v2\/media\/1178"}],"wp:attachment":[{"href":"https:\/\/confrariaenofilosalentejo.pt\/2\/wp-json\/wp\/v2\/media?parent=1177"}],"wp:term":[{"taxonomy":"category","embeddable":true,"href":"https:\/\/confrariaenofilosalentejo.pt\/2\/wp-json\/wp\/v2\/categories?post=1177"},{"taxonomy":"post_tag","embeddable":true,"href":"https:\/\/confrariaenofilosalentejo.pt\/2\/wp-json\/wp\/v2\/tags?post=1177"}],"curies":[{"name":"wp","href":"https:\/\/api.w.org\/{rel}","templated":true}]}}