{"id":1162,"date":"2024-05-24T11:50:00","date_gmt":"2024-05-24T11:50:00","guid":{"rendered":"https:\/\/confrariaenofilosalentejo.pt\/2\/?p=1162"},"modified":"2024-06-29T09:11:28","modified_gmt":"2024-06-29T09:11:28","slug":"homenagem-a-confrade-maria-clara-roque-do-vale-evorawine","status":"publish","type":"post","link":"https:\/\/confrariaenofilosalentejo.pt\/2\/2024\/05\/24\/homenagem-a-confrade-maria-clara-roque-do-vale-evorawine\/","title":{"rendered":"Homenagem \u00e0 Confrade Maria Clara Roque do Vale \u2013 \u00c9vorawine"},"content":{"rendered":"\n<p>O evento \u00c9voraWine j\u00e1 \u00e9 a grande festa do vinho que \u00c9vora recebe na sua m\u00edtica Pra\u00e7a do Giraldo. E este ano uma vez mais isso sucedeu, num fim de semana em que muitos milhares de pessoas passaram pelo local para provarem, desfrutarem e tamb\u00e9m trocarem impress\u00f5es \u00e0 volta de muitos copos de Vinho Alentejano.<\/p>\n\n\n\n<p>Integrado no evento, a organiza\u00e7\u00e3o do \u00c9voraWine solicitou \u00e0 Confraria dos En\u00f3filos do Alentejo que nomeasse a Personalidade V\u00ednica a homenagear. E a Mesa da CEA entendeu por unanimidade, que essa distin\u00e7\u00e3o deveria ser atribu\u00edda \u00e0 eng\u00aa Maria Clara Roque do Vale, personalidade \u00edmpar no panorama dos Vinhos do Alentejo.<br>Clara Roque do Vale trabalhou na Dire\u00e7\u00e3o Regional de Agricultura do Alentejo e e foi a primeira presidente da CVRA &#8211; Comiss\u00e3o Vitivin\u00edcola Regional Alentejana, onde esteve 12 anos e onde foi respons\u00e1vel pela Certifica\u00e7\u00e3o e Promo\u00e7\u00e3o dos Vinhos do Alentejo e pela cria\u00e7\u00e3o da Rota dos Vinhos do Alentejo. Presidiu \u00e0 ANDOVI (Associa\u00e7\u00e3o Nacional das Denomina\u00e7\u00f5es de Origem Vitivin\u00edcolas), foi membro do Conselho Consultivo do IVV, e membro da Ass. Geral da ViniPortugal.<br>Clara Roque do Vale, foi uma das fundadoras da nossa Confraria, tendo j\u00e1 desempenhado, todos os cargos na nossa estrutura.<\/p>\n\n\n<style type=\"text\/css\">.otter-masonry .blocks-gallery-grid .blocks-gallery-item img{ width:100% }<\/style><div class=\"otter-masonry\" data-margin=\"10\">\n<figure class=\"wp-block-gallery has-nested-images columns-default is-cropped wp-block-gallery-1 is-layout-flex wp-block-gallery-is-layout-flex\">\n<figure class=\"wp-block-image size-large\"><img fetchpriority=\"high\" decoding=\"async\" width=\"1024\" height=\"576\" data-id=\"1170\" src=\"https:\/\/confrariaenofilosalentejo.pt\/2\/wp-content\/uploads\/2024\/06\/WhatsApp-Image-2024-05-24-at-21.14.56-1-1-1024x576.jpeg\" alt=\"\" class=\"wp-image-1170\" srcset=\"https:\/\/confrariaenofilosalentejo.pt\/2\/wp-content\/uploads\/2024\/06\/WhatsApp-Image-2024-05-24-at-21.14.56-1-1-1024x576.jpeg 1024w, https:\/\/confrariaenofilosalentejo.pt\/2\/wp-content\/uploads\/2024\/06\/WhatsApp-Image-2024-05-24-at-21.14.56-1-1-300x169.jpeg 300w, https:\/\/confrariaenofilosalentejo.pt\/2\/wp-content\/uploads\/2024\/06\/WhatsApp-Image-2024-05-24-at-21.14.56-1-1-768x432.jpeg 768w, https:\/\/confrariaenofilosalentejo.pt\/2\/wp-content\/uploads\/2024\/06\/WhatsApp-Image-2024-05-24-at-21.14.56-1-1-1536x864.jpeg 1536w, https:\/\/confrariaenofilosalentejo.pt\/2\/wp-content\/uploads\/2024\/06\/WhatsApp-Image-2024-05-24-at-21.14.56-1-1.jpeg 1600w\" sizes=\"(max-width: 1024px) 100vw, 1024px\" \/><\/figure>\n\n\n\n<figure class=\"wp-block-image size-large\"><img decoding=\"async\" width=\"1024\" height=\"576\" data-id=\"1171\" src=\"https:\/\/confrariaenofilosalentejo.pt\/2\/wp-content\/uploads\/2024\/06\/WhatsApp-Image-2024-05-24-at-21.14.56-2-1024x576.jpeg\" alt=\"\" class=\"wp-image-1171\" srcset=\"https:\/\/confrariaenofilosalentejo.pt\/2\/wp-content\/uploads\/2024\/06\/WhatsApp-Image-2024-05-24-at-21.14.56-2-1024x576.jpeg 1024w, https:\/\/confrariaenofilosalentejo.pt\/2\/wp-content\/uploads\/2024\/06\/WhatsApp-Image-2024-05-24-at-21.14.56-2-300x169.jpeg 300w, https:\/\/confrariaenofilosalentejo.pt\/2\/wp-content\/uploads\/2024\/06\/WhatsApp-Image-2024-05-24-at-21.14.56-2-768x432.jpeg 768w, https:\/\/confrariaenofilosalentejo.pt\/2\/wp-content\/uploads\/2024\/06\/WhatsApp-Image-2024-05-24-at-21.14.56-2-1536x864.jpeg 1536w, https:\/\/confrariaenofilosalentejo.pt\/2\/wp-content\/uploads\/2024\/06\/WhatsApp-Image-2024-05-24-at-21.14.56-2.jpeg 1600w\" sizes=\"(max-width: 1024px) 100vw, 1024px\" \/><\/figure>\n\n\n\n<figure class=\"wp-block-image size-large\"><img decoding=\"async\" width=\"1024\" height=\"576\" data-id=\"1174\" src=\"https:\/\/confrariaenofilosalentejo.pt\/2\/wp-content\/uploads\/2024\/06\/WhatsApp-Image-2024-05-24-at-21.14.57-1-1-1024x576.jpeg\" alt=\"\" class=\"wp-image-1174\" srcset=\"https:\/\/confrariaenofilosalentejo.pt\/2\/wp-content\/uploads\/2024\/06\/WhatsApp-Image-2024-05-24-at-21.14.57-1-1-1024x576.jpeg 1024w, https:\/\/confrariaenofilosalentejo.pt\/2\/wp-content\/uploads\/2024\/06\/WhatsApp-Image-2024-05-24-at-21.14.57-1-1-300x169.jpeg 300w, https:\/\/confrariaenofilosalentejo.pt\/2\/wp-content\/uploads\/2024\/06\/WhatsApp-Image-2024-05-24-at-21.14.57-1-1-768x432.jpeg 768w, https:\/\/confrariaenofilosalentejo.pt\/2\/wp-content\/uploads\/2024\/06\/WhatsApp-Image-2024-05-24-at-21.14.57-1-1-1536x864.jpeg 1536w, https:\/\/confrariaenofilosalentejo.pt\/2\/wp-content\/uploads\/2024\/06\/WhatsApp-Image-2024-05-24-at-21.14.57-1-1.jpeg 1600w\" sizes=\"(max-width: 1024px) 100vw, 1024px\" \/><\/figure>\n\n\n\n<figure class=\"wp-block-image size-large\"><img loading=\"lazy\" decoding=\"async\" width=\"1024\" height=\"576\" data-id=\"1175\" src=\"https:\/\/confrariaenofilosalentejo.pt\/2\/wp-content\/uploads\/2024\/06\/WhatsApp-Image-2024-05-24-at-21.14.57-2-1024x576.jpeg\" alt=\"\" class=\"wp-image-1175\" srcset=\"https:\/\/confrariaenofilosalentejo.pt\/2\/wp-content\/uploads\/2024\/06\/WhatsApp-Image-2024-05-24-at-21.14.57-2-1024x576.jpeg 1024w, https:\/\/confrariaenofilosalentejo.pt\/2\/wp-content\/uploads\/2024\/06\/WhatsApp-Image-2024-05-24-at-21.14.57-2-300x169.jpeg 300w, https:\/\/confrariaenofilosalentejo.pt\/2\/wp-content\/uploads\/2024\/06\/WhatsApp-Image-2024-05-24-at-21.14.57-2-768x432.jpeg 768w, https:\/\/confrariaenofilosalentejo.pt\/2\/wp-content\/uploads\/2024\/06\/WhatsApp-Image-2024-05-24-at-21.14.57-2-1536x864.jpeg 1536w, https:\/\/confrariaenofilosalentejo.pt\/2\/wp-content\/uploads\/2024\/06\/WhatsApp-Image-2024-05-24-at-21.14.57-2.jpeg 1600w\" sizes=\"(max-width: 1024px) 100vw, 1024px\" \/><\/figure>\n\n\n\n<figure class=\"wp-block-image size-large\"><img loading=\"lazy\" decoding=\"async\" width=\"1024\" height=\"576\" data-id=\"1172\" src=\"https:\/\/confrariaenofilosalentejo.pt\/2\/wp-content\/uploads\/2024\/06\/WhatsApp-Image-2024-05-24-at-21.14.58-1-1-1024x576.jpeg\" alt=\"\" class=\"wp-image-1172\" srcset=\"https:\/\/confrariaenofilosalentejo.pt\/2\/wp-content\/uploads\/2024\/06\/WhatsApp-Image-2024-05-24-at-21.14.58-1-1-1024x576.jpeg 1024w, https:\/\/confrariaenofilosalentejo.pt\/2\/wp-content\/uploads\/2024\/06\/WhatsApp-Image-2024-05-24-at-21.14.58-1-1-300x169.jpeg 300w, https:\/\/confrariaenofilosalentejo.pt\/2\/wp-content\/uploads\/2024\/06\/WhatsApp-Image-2024-05-24-at-21.14.58-1-1-768x432.jpeg 768w, https:\/\/confrariaenofilosalentejo.pt\/2\/wp-content\/uploads\/2024\/06\/WhatsApp-Image-2024-05-24-at-21.14.58-1-1-1536x864.jpeg 1536w, https:\/\/confrariaenofilosalentejo.pt\/2\/wp-content\/uploads\/2024\/06\/WhatsApp-Image-2024-05-24-at-21.14.58-1-1.jpeg 1600w\" sizes=\"(max-width: 1024px) 100vw, 1024px\" \/><\/figure>\n\n\n\n<figure class=\"wp-block-image size-large\"><img loading=\"lazy\" decoding=\"async\" width=\"1024\" height=\"576\" data-id=\"1173\" src=\"https:\/\/confrariaenofilosalentejo.pt\/2\/wp-content\/uploads\/2024\/06\/WhatsApp-Image-2024-05-24-at-21.14.58-2-1024x576.jpeg\" alt=\"\" class=\"wp-image-1173\" srcset=\"https:\/\/confrariaenofilosalentejo.pt\/2\/wp-content\/uploads\/2024\/06\/WhatsApp-Image-2024-05-24-at-21.14.58-2-1024x576.jpeg 1024w, https:\/\/confrariaenofilosalentejo.pt\/2\/wp-content\/uploads\/2024\/06\/WhatsApp-Image-2024-05-24-at-21.14.58-2-300x169.jpeg 300w, https:\/\/confrariaenofilosalentejo.pt\/2\/wp-content\/uploads\/2024\/06\/WhatsApp-Image-2024-05-24-at-21.14.58-2-768x432.jpeg 768w, https:\/\/confrariaenofilosalentejo.pt\/2\/wp-content\/uploads\/2024\/06\/WhatsApp-Image-2024-05-24-at-21.14.58-2-1536x864.jpeg 1536w, https:\/\/confrariaenofilosalentejo.pt\/2\/wp-content\/uploads\/2024\/06\/WhatsApp-Image-2024-05-24-at-21.14.58-2.jpeg 1600w\" sizes=\"(max-width: 1024px) 100vw, 1024px\" \/><\/figure>\n<\/figure>\n<\/div>","protected":false},"excerpt":{"rendered":"<p>O evento \u00c9voraWine j\u00e1 \u00e9 a grande festa do vinho que \u00c9vora recebe na sua m\u00edtica Pra\u00e7a do Giraldo. E este ano uma vez mais isso sucedeu, num fim de semana em que muitos milhares de pessoas passaram pelo local para provarem, desfrutarem e tamb\u00e9m trocarem impress\u00f5es \u00e0 volta de muitos copos de Vinho Alentejano.&hellip;&nbsp;<a href=\"https:\/\/confrariaenofilosalentejo.pt\/2\/2024\/05\/24\/homenagem-a-confrade-maria-clara-roque-do-vale-evorawine\/\" class=\"\" rel=\"bookmark\">Ler mais &raquo;<span class=\"screen-reader-text\">Homenagem \u00e0 Confrade Maria Clara Roque do Vale \u2013 \u00c9vorawine<\/span><\/a><\/p>\n","protected":false},"author":2,"featured_media":1165,"comment_status":"open","ping_status":"open","sticky":false,"template":"","format":"standard","meta":{"_editorskit_title_hidden":false,"_editorskit_reading_time":0,"_editorskit_is_block_options_detached":false,"_editorskit_block_options_position":"{}","_eb_attr":"","neve_meta_sidebar":"","neve_meta_container":"","neve_meta_enable_content_width":"","neve_meta_content_width":0,"neve_meta_title_alignment":"","neve_meta_author_avatar":"","neve_post_elements_order":"","neve_meta_disable_header":"","neve_meta_disable_footer":"","neve_meta_disable_title":"","_themeisle_gutenberg_block_has_review":false,"_ti_tpc_template_sync":false,"_ti_tpc_template_id":"","footnotes":""},"categories":[146],"tags":[],"class_list":["post-1162","post","type-post","status-publish","format-standard","has-post-thumbnail","hentry","category-confraria"],"aioseo_notices":[],"_links":{"self":[{"href":"https:\/\/confrariaenofilosalentejo.pt\/2\/wp-json\/wp\/v2\/posts\/1162","targetHints":{"allow":["GET"]}}],"collection":[{"href":"https:\/\/confrariaenofilosalentejo.pt\/2\/wp-json\/wp\/v2\/posts"}],"about":[{"href":"https:\/\/confrariaenofilosalentejo.pt\/2\/wp-json\/wp\/v2\/types\/post"}],"author":[{"embeddable":true,"href":"https:\/\/confrariaenofilosalentejo.pt\/2\/wp-json\/wp\/v2\/users\/2"}],"replies":[{"embeddable":true,"href":"https:\/\/confrariaenofilosalentejo.pt\/2\/wp-json\/wp\/v2\/comments?post=1162"}],"version-history":[{"count":2,"href":"https:\/\/confrariaenofilosalentejo.pt\/2\/wp-json\/wp\/v2\/posts\/1162\/revisions"}],"predecessor-version":[{"id":1176,"href":"https:\/\/confrariaenofilosalentejo.pt\/2\/wp-json\/wp\/v2\/posts\/1162\/revisions\/1176"}],"wp:featuredmedia":[{"embeddable":true,"href":"https:\/\/confrariaenofilosalentejo.pt\/2\/wp-json\/wp\/v2\/media\/1165"}],"wp:attachment":[{"href":"https:\/\/confrariaenofilosalentejo.pt\/2\/wp-json\/wp\/v2\/media?parent=1162"}],"wp:term":[{"taxonomy":"category","embeddable":true,"href":"https:\/\/confrariaenofilosalentejo.pt\/2\/wp-json\/wp\/v2\/categories?post=1162"},{"taxonomy":"post_tag","embeddable":true,"href":"https:\/\/confrariaenofilosalentejo.pt\/2\/wp-json\/wp\/v2\/tags?post=1162"}],"curies":[{"name":"wp","href":"https:\/\/api.w.org\/{rel}","templated":true}]}}