{"id":1145,"date":"2024-05-21T23:50:00","date_gmt":"2024-05-21T23:50:00","guid":{"rendered":"https:\/\/confrariaenofilosalentejo.pt\/2\/?p=1145"},"modified":"2024-06-29T08:32:57","modified_gmt":"2024-06-29T08:32:57","slug":"xi-gala-melhores-vinhos-do-alentejo","status":"publish","type":"post","link":"https:\/\/confrariaenofilosalentejo.pt\/2\/2024\/05\/21\/xi-gala-melhores-vinhos-do-alentejo\/","title":{"rendered":"XI Gala &#8220;Melhores Vinhos do Alentejo&#8221;"},"content":{"rendered":"\n<p>Ap\u00f3s o XI Concurso \u00abMelhores Vinhos do Alentejo\u00bb ter decorrido como sempre nas instala\u00e7\u00f5es da Rota dos Vinhos do Alentejo e sempre com o apoio da CVRA \u2013 Comiss\u00e3o Vitivin\u00edcola do Alentejo, faltava revelar e atribuir os pr\u00e9mios aos justos vencedores.<br>O local escolhido \u2013 o Hotel Vila Gal\u00e9 em \u00c9vora \u2013 abriu-nos as suas portas e perante mais de 120 pessoas entre produtores, confrades e individualidades, pudemos atribuir 2 medalhas de prata, 24 medalhas de Ouro e 4 trof\u00e9us Grande \u2013 Ouro.\u00a0<br>E congratul\u00e1mo-nos por termos tido a honra de contar com a presen\u00e7a do eng\u00ba Bernardo Gouv\u00eaa, Presidente do IVV e do dr. Jos\u00e9 Manuel Santos, Presidente da ERT Alentejo, a quem agradecemos todo o apoio que sempre nos prestam.<\/p>\n","protected":false},"excerpt":{"rendered":"<p>Ap\u00f3s o XI Concurso \u00abMelhores Vinhos do Alentejo\u00bb ter decorrido como sempre nas instala\u00e7\u00f5es da Rota dos Vinhos do Alentejo e sempre com o apoio da CVRA \u2013 Comiss\u00e3o Vitivin\u00edcola do Alentejo, faltava revelar e atribuir os pr\u00e9mios aos justos vencedores.O local escolhido \u2013 o Hotel Vila Gal\u00e9 em \u00c9vora \u2013 abriu-nos as suas portas&hellip;&nbsp;<a href=\"https:\/\/confrariaenofilosalentejo.pt\/2\/2024\/05\/21\/xi-gala-melhores-vinhos-do-alentejo\/\" class=\"\" rel=\"bookmark\">Ler mais &raquo;<span class=\"screen-reader-text\">XI Gala &#8220;Melhores Vinhos do Alentejo&#8221;<\/span><\/a><\/p>\n","protected":false},"author":2,"featured_media":1149,"comment_status":"open","ping_status":"open","sticky":false,"template":"","format":"standard","meta":{"_editorskit_title_hidden":false,"_editorskit_reading_time":0,"_editorskit_is_block_options_detached":false,"_editorskit_block_options_position":"{}","_eb_attr":"","neve_meta_sidebar":"","neve_meta_container":"","neve_meta_enable_content_width":"","neve_meta_content_width":0,"neve_meta_title_alignment":"","neve_meta_author_avatar":"","neve_post_elements_order":"","neve_meta_disable_header":"","neve_meta_disable_footer":"","neve_meta_disable_title":"","_themeisle_gutenberg_block_has_review":false,"_ti_tpc_template_sync":false,"_ti_tpc_template_id":"","footnotes":""},"categories":[146],"tags":[],"class_list":["post-1145","post","type-post","status-publish","format-standard","has-post-thumbnail","hentry","category-confraria"],"aioseo_notices":[],"_links":{"self":[{"href":"https:\/\/confrariaenofilosalentejo.pt\/2\/wp-json\/wp\/v2\/posts\/1145","targetHints":{"allow":["GET"]}}],"collection":[{"href":"https:\/\/confrariaenofilosalentejo.pt\/2\/wp-json\/wp\/v2\/posts"}],"about":[{"href":"https:\/\/confrariaenofilosalentejo.pt\/2\/wp-json\/wp\/v2\/types\/post"}],"author":[{"embeddable":true,"href":"https:\/\/confrariaenofilosalentejo.pt\/2\/wp-json\/wp\/v2\/users\/2"}],"replies":[{"embeddable":true,"href":"https:\/\/confrariaenofilosalentejo.pt\/2\/wp-json\/wp\/v2\/comments?post=1145"}],"version-history":[{"count":1,"href":"https:\/\/confrariaenofilosalentejo.pt\/2\/wp-json\/wp\/v2\/posts\/1145\/revisions"}],"predecessor-version":[{"id":1146,"href":"https:\/\/confrariaenofilosalentejo.pt\/2\/wp-json\/wp\/v2\/posts\/1145\/revisions\/1146"}],"wp:featuredmedia":[{"embeddable":true,"href":"https:\/\/confrariaenofilosalentejo.pt\/2\/wp-json\/wp\/v2\/media\/1149"}],"wp:attachment":[{"href":"https:\/\/confrariaenofilosalentejo.pt\/2\/wp-json\/wp\/v2\/media?parent=1145"}],"wp:term":[{"taxonomy":"category","embeddable":true,"href":"https:\/\/confrariaenofilosalentejo.pt\/2\/wp-json\/wp\/v2\/categories?post=1145"},{"taxonomy":"post_tag","embeddable":true,"href":"https:\/\/confrariaenofilosalentejo.pt\/2\/wp-json\/wp\/v2\/tags?post=1145"}],"curies":[{"name":"wp","href":"https:\/\/api.w.org\/{rel}","templated":true}]}}