{"id":1136,"date":"2024-04-13T23:50:00","date_gmt":"2024-04-13T23:50:00","guid":{"rendered":"https:\/\/confrariaenofilosalentejo.pt\/2\/?p=1136"},"modified":"2024-06-28T18:05:12","modified_gmt":"2024-06-28T18:05:12","slug":"71o-grao-capitulo","status":"publish","type":"post","link":"https:\/\/confrariaenofilosalentejo.pt\/2\/2024\/04\/13\/71o-grao-capitulo\/","title":{"rendered":"71\u00ba. Gr\u00e3o Capitulo\u00a0"},"content":{"rendered":"\n<p>Foi em Estremoz a 13 de abril, e na famosa Quinta D. Maria que J\u00falio Bastos recebeu a nossa Confraria, no que foi o nosso 71\u00ba Gr\u00e3o Cap\u00edtulo da nossa hist\u00f3ria e o primeiro de 2024. Como sempre sucede, compareceram muitos confrades com familiares e amigos, ficando todos maravilhados com a beleza da Quinta e das saus instala\u00e7\u00f5es.<br>O almo\u00e7o que nos foi servido teve a acompanhar os vinhos da Quinta D. Maria, devidamente explicitados pela en\u00f3loga da quinta, eng\u00aa Sandra Gon\u00e7alves.<\/p>\n\n\n\n<p>A Confraria dos En\u00f3filos do Alentejo agradece reconhecida, toda a simpatia e disponibilidade com que fomos recebidos neste nosso evento.<\/p>\n\n\n<style type=\"text\/css\">.otter-masonry .blocks-gallery-grid .blocks-gallery-item img{ width:100% }<\/style><div class=\"otter-masonry\" data-margin=\"10\">\n<figure class=\"wp-block-gallery has-nested-images columns-default is-cropped wp-block-gallery-1 is-layout-flex wp-block-gallery-is-layout-flex\">\n<figure class=\"wp-block-image size-large\"><img fetchpriority=\"high\" decoding=\"async\" width=\"1024\" height=\"1024\" data-id=\"1137\" src=\"https:\/\/confrariaenofilosalentejo.pt\/2\/wp-content\/uploads\/2024\/06\/WhatsApp-Image-2024-06-23-at-21.08.29-1024x1024.jpeg\" alt=\"\" class=\"wp-image-1137\" srcset=\"https:\/\/confrariaenofilosalentejo.pt\/2\/wp-content\/uploads\/2024\/06\/WhatsApp-Image-2024-06-23-at-21.08.29-1024x1024.jpeg 1024w, https:\/\/confrariaenofilosalentejo.pt\/2\/wp-content\/uploads\/2024\/06\/WhatsApp-Image-2024-06-23-at-21.08.29-300x300.jpeg 300w, https:\/\/confrariaenofilosalentejo.pt\/2\/wp-content\/uploads\/2024\/06\/WhatsApp-Image-2024-06-23-at-21.08.29-150x150.jpeg 150w, https:\/\/confrariaenofilosalentejo.pt\/2\/wp-content\/uploads\/2024\/06\/WhatsApp-Image-2024-06-23-at-21.08.29-768x768.jpeg 768w, https:\/\/confrariaenofilosalentejo.pt\/2\/wp-content\/uploads\/2024\/06\/WhatsApp-Image-2024-06-23-at-21.08.29-1536x1536.jpeg 1536w, https:\/\/confrariaenofilosalentejo.pt\/2\/wp-content\/uploads\/2024\/06\/WhatsApp-Image-2024-06-23-at-21.08.29.jpeg 2048w\" sizes=\"(max-width: 1024px) 100vw, 1024px\" \/><\/figure>\n\n\n\n<figure class=\"wp-block-image size-large\"><img decoding=\"async\" width=\"1024\" height=\"1024\" data-id=\"1138\" src=\"https:\/\/confrariaenofilosalentejo.pt\/2\/wp-content\/uploads\/2024\/06\/WhatsApp-Image-2024-06-23-at-21.07.03-1024x1024.jpeg\" alt=\"\" class=\"wp-image-1138\" srcset=\"https:\/\/confrariaenofilosalentejo.pt\/2\/wp-content\/uploads\/2024\/06\/WhatsApp-Image-2024-06-23-at-21.07.03-1024x1024.jpeg 1024w, https:\/\/confrariaenofilosalentejo.pt\/2\/wp-content\/uploads\/2024\/06\/WhatsApp-Image-2024-06-23-at-21.07.03-300x300.jpeg 300w, https:\/\/confrariaenofilosalentejo.pt\/2\/wp-content\/uploads\/2024\/06\/WhatsApp-Image-2024-06-23-at-21.07.03-150x150.jpeg 150w, https:\/\/confrariaenofilosalentejo.pt\/2\/wp-content\/uploads\/2024\/06\/WhatsApp-Image-2024-06-23-at-21.07.03-768x768.jpeg 768w, https:\/\/confrariaenofilosalentejo.pt\/2\/wp-content\/uploads\/2024\/06\/WhatsApp-Image-2024-06-23-at-21.07.03-1536x1536.jpeg 1536w, https:\/\/confrariaenofilosalentejo.pt\/2\/wp-content\/uploads\/2024\/06\/WhatsApp-Image-2024-06-23-at-21.07.03.jpeg 2048w\" sizes=\"(max-width: 1024px) 100vw, 1024px\" \/><\/figure>\n\n\n\n<figure class=\"wp-block-image size-large\"><img decoding=\"async\" width=\"1024\" height=\"1024\" data-id=\"1139\" src=\"https:\/\/confrariaenofilosalentejo.pt\/2\/wp-content\/uploads\/2024\/06\/WhatsApp-Image-2024-06-23-at-21.06.28-1024x1024.jpeg\" alt=\"\" class=\"wp-image-1139\" srcset=\"https:\/\/confrariaenofilosalentejo.pt\/2\/wp-content\/uploads\/2024\/06\/WhatsApp-Image-2024-06-23-at-21.06.28-1024x1024.jpeg 1024w, https:\/\/confrariaenofilosalentejo.pt\/2\/wp-content\/uploads\/2024\/06\/WhatsApp-Image-2024-06-23-at-21.06.28-300x300.jpeg 300w, https:\/\/confrariaenofilosalentejo.pt\/2\/wp-content\/uploads\/2024\/06\/WhatsApp-Image-2024-06-23-at-21.06.28-150x150.jpeg 150w, https:\/\/confrariaenofilosalentejo.pt\/2\/wp-content\/uploads\/2024\/06\/WhatsApp-Image-2024-06-23-at-21.06.28-768x768.jpeg 768w, https:\/\/confrariaenofilosalentejo.pt\/2\/wp-content\/uploads\/2024\/06\/WhatsApp-Image-2024-06-23-at-21.06.28-1536x1536.jpeg 1536w, https:\/\/confrariaenofilosalentejo.pt\/2\/wp-content\/uploads\/2024\/06\/WhatsApp-Image-2024-06-23-at-21.06.28.jpeg 2048w\" sizes=\"(max-width: 1024px) 100vw, 1024px\" \/><\/figure>\n\n\n\n<figure class=\"wp-block-image size-large\"><img loading=\"lazy\" decoding=\"async\" width=\"1024\" height=\"1024\" data-id=\"1141\" src=\"https:\/\/confrariaenofilosalentejo.pt\/2\/wp-content\/uploads\/2024\/06\/WhatsApp-Image-2024-06-23-at-21.05.39-1024x1024.jpeg\" alt=\"\" class=\"wp-image-1141\" srcset=\"https:\/\/confrariaenofilosalentejo.pt\/2\/wp-content\/uploads\/2024\/06\/WhatsApp-Image-2024-06-23-at-21.05.39-1024x1024.jpeg 1024w, https:\/\/confrariaenofilosalentejo.pt\/2\/wp-content\/uploads\/2024\/06\/WhatsApp-Image-2024-06-23-at-21.05.39-300x300.jpeg 300w, https:\/\/confrariaenofilosalentejo.pt\/2\/wp-content\/uploads\/2024\/06\/WhatsApp-Image-2024-06-23-at-21.05.39-150x150.jpeg 150w, https:\/\/confrariaenofilosalentejo.pt\/2\/wp-content\/uploads\/2024\/06\/WhatsApp-Image-2024-06-23-at-21.05.39-768x768.jpeg 768w, https:\/\/confrariaenofilosalentejo.pt\/2\/wp-content\/uploads\/2024\/06\/WhatsApp-Image-2024-06-23-at-21.05.39-1536x1536.jpeg 1536w, https:\/\/confrariaenofilosalentejo.pt\/2\/wp-content\/uploads\/2024\/06\/WhatsApp-Image-2024-06-23-at-21.05.39.jpeg 2048w\" sizes=\"(max-width: 1024px) 100vw, 1024px\" \/><\/figure>\n\n\n\n<figure class=\"wp-block-image size-large\"><img loading=\"lazy\" decoding=\"async\" width=\"1024\" height=\"1024\" data-id=\"1140\" src=\"https:\/\/confrariaenofilosalentejo.pt\/2\/wp-content\/uploads\/2024\/06\/WhatsApp-Image-2024-06-23-at-21.05.12-1024x1024.jpeg\" alt=\"\" class=\"wp-image-1140\" srcset=\"https:\/\/confrariaenofilosalentejo.pt\/2\/wp-content\/uploads\/2024\/06\/WhatsApp-Image-2024-06-23-at-21.05.12-1024x1024.jpeg 1024w, https:\/\/confrariaenofilosalentejo.pt\/2\/wp-content\/uploads\/2024\/06\/WhatsApp-Image-2024-06-23-at-21.05.12-300x300.jpeg 300w, https:\/\/confrariaenofilosalentejo.pt\/2\/wp-content\/uploads\/2024\/06\/WhatsApp-Image-2024-06-23-at-21.05.12-150x150.jpeg 150w, https:\/\/confrariaenofilosalentejo.pt\/2\/wp-content\/uploads\/2024\/06\/WhatsApp-Image-2024-06-23-at-21.05.12-768x768.jpeg 768w, https:\/\/confrariaenofilosalentejo.pt\/2\/wp-content\/uploads\/2024\/06\/WhatsApp-Image-2024-06-23-at-21.05.12-1536x1536.jpeg 1536w, https:\/\/confrariaenofilosalentejo.pt\/2\/wp-content\/uploads\/2024\/06\/WhatsApp-Image-2024-06-23-at-21.05.12.jpeg 2048w\" sizes=\"(max-width: 1024px) 100vw, 1024px\" \/><\/figure>\n\n\n\n<figure class=\"wp-block-image size-large\"><img loading=\"lazy\" decoding=\"async\" width=\"1024\" height=\"768\" data-id=\"1143\" src=\"https:\/\/confrariaenofilosalentejo.pt\/2\/wp-content\/uploads\/2024\/06\/WhatsApp-Image-2024-06-23-at-21.04.46-1024x768.jpeg\" alt=\"\" class=\"wp-image-1143\" srcset=\"https:\/\/confrariaenofilosalentejo.pt\/2\/wp-content\/uploads\/2024\/06\/WhatsApp-Image-2024-06-23-at-21.04.46-1024x768.jpeg 1024w, https:\/\/confrariaenofilosalentejo.pt\/2\/wp-content\/uploads\/2024\/06\/WhatsApp-Image-2024-06-23-at-21.04.46-300x225.jpeg 300w, https:\/\/confrariaenofilosalentejo.pt\/2\/wp-content\/uploads\/2024\/06\/WhatsApp-Image-2024-06-23-at-21.04.46-768x576.jpeg 768w, https:\/\/confrariaenofilosalentejo.pt\/2\/wp-content\/uploads\/2024\/06\/WhatsApp-Image-2024-06-23-at-21.04.46-1536x1152.jpeg 1536w, https:\/\/confrariaenofilosalentejo.pt\/2\/wp-content\/uploads\/2024\/06\/WhatsApp-Image-2024-06-23-at-21.04.46-2048x1536.jpeg 2048w\" sizes=\"(max-width: 1024px) 100vw, 1024px\" \/><\/figure>\n\n\n\n<figure class=\"wp-block-image size-large\"><img loading=\"lazy\" decoding=\"async\" width=\"1024\" height=\"1024\" data-id=\"1142\" src=\"https:\/\/confrariaenofilosalentejo.pt\/2\/wp-content\/uploads\/2024\/06\/WhatsApp-Image-2024-06-23-at-21.04.05-1024x1024.jpeg\" alt=\"\" class=\"wp-image-1142\" srcset=\"https:\/\/confrariaenofilosalentejo.pt\/2\/wp-content\/uploads\/2024\/06\/WhatsApp-Image-2024-06-23-at-21.04.05-1024x1024.jpeg 1024w, https:\/\/confrariaenofilosalentejo.pt\/2\/wp-content\/uploads\/2024\/06\/WhatsApp-Image-2024-06-23-at-21.04.05-300x300.jpeg 300w, https:\/\/confrariaenofilosalentejo.pt\/2\/wp-content\/uploads\/2024\/06\/WhatsApp-Image-2024-06-23-at-21.04.05-150x150.jpeg 150w, https:\/\/confrariaenofilosalentejo.pt\/2\/wp-content\/uploads\/2024\/06\/WhatsApp-Image-2024-06-23-at-21.04.05-768x768.jpeg 768w, https:\/\/confrariaenofilosalentejo.pt\/2\/wp-content\/uploads\/2024\/06\/WhatsApp-Image-2024-06-23-at-21.04.05-1536x1536.jpeg 1536w, https:\/\/confrariaenofilosalentejo.pt\/2\/wp-content\/uploads\/2024\/06\/WhatsApp-Image-2024-06-23-at-21.04.05.jpeg 2048w\" sizes=\"(max-width: 1024px) 100vw, 1024px\" \/><\/figure>\n<\/figure>\n<\/div>","protected":false},"excerpt":{"rendered":"<p>Foi em Estremoz a 13 de abril, e na famosa Quinta D. Maria que J\u00falio Bastos recebeu a nossa Confraria, no que foi o nosso 71\u00ba Gr\u00e3o Cap\u00edtulo da nossa hist\u00f3ria e o primeiro de 2024. Como sempre sucede, compareceram muitos confrades com familiares e amigos, ficando todos maravilhados com a beleza da Quinta e&hellip;&nbsp;<a href=\"https:\/\/confrariaenofilosalentejo.pt\/2\/2024\/04\/13\/71o-grao-capitulo\/\" class=\"\" rel=\"bookmark\">Ler mais &raquo;<span class=\"screen-reader-text\">71\u00ba. Gr\u00e3o Capitulo\u00a0<\/span><\/a><\/p>\n","protected":false},"author":2,"featured_media":1138,"comment_status":"open","ping_status":"open","sticky":false,"template":"","format":"standard","meta":{"_editorskit_title_hidden":false,"_editorskit_reading_time":0,"_editorskit_is_block_options_detached":false,"_editorskit_block_options_position":"{}","_eb_attr":"","neve_meta_sidebar":"","neve_meta_container":"","neve_meta_enable_content_width":"","neve_meta_content_width":0,"neve_meta_title_alignment":"","neve_meta_author_avatar":"","neve_post_elements_order":"","neve_meta_disable_header":"","neve_meta_disable_footer":"","neve_meta_disable_title":"","_themeisle_gutenberg_block_has_review":false,"_ti_tpc_template_sync":false,"_ti_tpc_template_id":"","footnotes":""},"categories":[146],"tags":[],"class_list":["post-1136","post","type-post","status-publish","format-standard","has-post-thumbnail","hentry","category-confraria"],"aioseo_notices":[],"_links":{"self":[{"href":"https:\/\/confrariaenofilosalentejo.pt\/2\/wp-json\/wp\/v2\/posts\/1136","targetHints":{"allow":["GET"]}}],"collection":[{"href":"https:\/\/confrariaenofilosalentejo.pt\/2\/wp-json\/wp\/v2\/posts"}],"about":[{"href":"https:\/\/confrariaenofilosalentejo.pt\/2\/wp-json\/wp\/v2\/types\/post"}],"author":[{"embeddable":true,"href":"https:\/\/confrariaenofilosalentejo.pt\/2\/wp-json\/wp\/v2\/users\/2"}],"replies":[{"embeddable":true,"href":"https:\/\/confrariaenofilosalentejo.pt\/2\/wp-json\/wp\/v2\/comments?post=1136"}],"version-history":[{"count":1,"href":"https:\/\/confrariaenofilosalentejo.pt\/2\/wp-json\/wp\/v2\/posts\/1136\/revisions"}],"predecessor-version":[{"id":1144,"href":"https:\/\/confrariaenofilosalentejo.pt\/2\/wp-json\/wp\/v2\/posts\/1136\/revisions\/1144"}],"wp:featuredmedia":[{"embeddable":true,"href":"https:\/\/confrariaenofilosalentejo.pt\/2\/wp-json\/wp\/v2\/media\/1138"}],"wp:attachment":[{"href":"https:\/\/confrariaenofilosalentejo.pt\/2\/wp-json\/wp\/v2\/media?parent=1136"}],"wp:term":[{"taxonomy":"category","embeddable":true,"href":"https:\/\/confrariaenofilosalentejo.pt\/2\/wp-json\/wp\/v2\/categories?post=1136"},{"taxonomy":"post_tag","embeddable":true,"href":"https:\/\/confrariaenofilosalentejo.pt\/2\/wp-json\/wp\/v2\/tags?post=1136"}],"curies":[{"name":"wp","href":"https:\/\/api.w.org\/{rel}","templated":true}]}}