{"id":1132,"date":"2024-03-08T23:50:00","date_gmt":"2024-03-08T23:50:00","guid":{"rendered":"https:\/\/confrariaenofilosalentejo.pt\/2\/?p=1132"},"modified":"2024-06-28T17:57:40","modified_gmt":"2024-06-28T17:57:40","slug":"1o-encontro-rota-dos-confrades-restaurante-cafe-alentejo-em-evora-8-marco-2024","status":"publish","type":"post","link":"https:\/\/confrariaenofilosalentejo.pt\/2\/2024\/03\/08\/1o-encontro-rota-dos-confrades-restaurante-cafe-alentejo-em-evora-8-marco-2024\/","title":{"rendered":"1\u00ba. Encontro Rota dos Confrades \u2013 Restaurante Caf\u00e9 Alentejo em \u00c9vora \u2013 8 mar\u00e7o 2024"},"content":{"rendered":"\n<p>As duas mais importantes Confrarias alentejanas \u2013 a dos En\u00f3filos e a Gastron\u00f3mica \u2013 lan\u00e7aram m\u00e3os \u00e0 obra e puseram de p\u00e9 o evento \u00abRota dos Confrades\u00bb. Trata-se de um encontro enogastron\u00f3mico entre os confrades de ambas as Confrarias, que ter\u00e1 lugar nos meses \u00edmpares do ano. Pretende-se honrar e divulgar pratos e vinhos alentejanos, num tempo pr\u00e9vio ao facto de \u00c9vora ser a Capital Europeia da Cultura em 2027.<\/p>\n\n\n\n<p>O primeiro Enojantar teve lugar no Caf\u00e9 Alentejo em \u00c9vora e os vinhos servidos foram da Funda\u00e7\u00e3o Eug\u00e9nio de Almeida (FEA). As Confrarias organizadoras agradecem ao Caf\u00e9 Alentejo e \u00e0 FEA, toda o envolvimento para esta comum inaugura\u00e7\u00e3o.<\/p>\n","protected":false},"excerpt":{"rendered":"<p>As duas mais importantes Confrarias alentejanas \u2013 a dos En\u00f3filos e a Gastron\u00f3mica \u2013 lan\u00e7aram m\u00e3os \u00e0 obra e puseram de p\u00e9 o evento \u00abRota dos Confrades\u00bb. Trata-se de um encontro enogastron\u00f3mico entre os confrades de ambas as Confrarias, que ter\u00e1 lugar nos meses \u00edmpares do ano. Pretende-se honrar e divulgar pratos e vinhos alentejanos,&hellip;&nbsp;<a href=\"https:\/\/confrariaenofilosalentejo.pt\/2\/2024\/03\/08\/1o-encontro-rota-dos-confrades-restaurante-cafe-alentejo-em-evora-8-marco-2024\/\" class=\"\" rel=\"bookmark\">Ler mais &raquo;<span class=\"screen-reader-text\">1\u00ba. Encontro Rota dos Confrades \u2013 Restaurante Caf\u00e9 Alentejo em \u00c9vora \u2013 8 mar\u00e7o 2024<\/span><\/a><\/p>\n","protected":false},"author":2,"featured_media":1133,"comment_status":"open","ping_status":"open","sticky":false,"template":"","format":"standard","meta":{"_editorskit_title_hidden":false,"_editorskit_reading_time":0,"_editorskit_is_block_options_detached":false,"_editorskit_block_options_position":"{}","_eb_attr":"","neve_meta_sidebar":"","neve_meta_container":"","neve_meta_enable_content_width":"","neve_meta_content_width":0,"neve_meta_title_alignment":"","neve_meta_author_avatar":"","neve_post_elements_order":"","neve_meta_disable_header":"","neve_meta_disable_footer":"","neve_meta_disable_title":"","_themeisle_gutenberg_block_has_review":false,"_ti_tpc_template_sync":false,"_ti_tpc_template_id":"","footnotes":""},"categories":[146],"tags":[],"class_list":["post-1132","post","type-post","status-publish","format-standard","has-post-thumbnail","hentry","category-confraria"],"aioseo_notices":[],"_links":{"self":[{"href":"https:\/\/confrariaenofilosalentejo.pt\/2\/wp-json\/wp\/v2\/posts\/1132","targetHints":{"allow":["GET"]}}],"collection":[{"href":"https:\/\/confrariaenofilosalentejo.pt\/2\/wp-json\/wp\/v2\/posts"}],"about":[{"href":"https:\/\/confrariaenofilosalentejo.pt\/2\/wp-json\/wp\/v2\/types\/post"}],"author":[{"embeddable":true,"href":"https:\/\/confrariaenofilosalentejo.pt\/2\/wp-json\/wp\/v2\/users\/2"}],"replies":[{"embeddable":true,"href":"https:\/\/confrariaenofilosalentejo.pt\/2\/wp-json\/wp\/v2\/comments?post=1132"}],"version-history":[{"count":1,"href":"https:\/\/confrariaenofilosalentejo.pt\/2\/wp-json\/wp\/v2\/posts\/1132\/revisions"}],"predecessor-version":[{"id":1134,"href":"https:\/\/confrariaenofilosalentejo.pt\/2\/wp-json\/wp\/v2\/posts\/1132\/revisions\/1134"}],"wp:featuredmedia":[{"embeddable":true,"href":"https:\/\/confrariaenofilosalentejo.pt\/2\/wp-json\/wp\/v2\/media\/1133"}],"wp:attachment":[{"href":"https:\/\/confrariaenofilosalentejo.pt\/2\/wp-json\/wp\/v2\/media?parent=1132"}],"wp:term":[{"taxonomy":"category","embeddable":true,"href":"https:\/\/confrariaenofilosalentejo.pt\/2\/wp-json\/wp\/v2\/categories?post=1132"},{"taxonomy":"post_tag","embeddable":true,"href":"https:\/\/confrariaenofilosalentejo.pt\/2\/wp-json\/wp\/v2\/tags?post=1132"}],"curies":[{"name":"wp","href":"https:\/\/api.w.org\/{rel}","templated":true}]}}